{"id":75274,"date":"2024-01-29T08:50:22","date_gmt":"2024-01-29T07:50:22","guid":{"rendered":"https:\/\/bp2.yoho.pl\/redukcja-sladu-weglowego-dzieki-stali-xcarb\/"},"modified":"2024-02-28T13:16:01","modified_gmt":"2024-02-28T12:16:01","slug":"redukcja-sladu-weglowego-dzieki-stali-xcarb","status":"publish","type":"post","link":"https:\/\/bp2.yoho.pl\/cs\/redukcja-sladu-weglowego-dzieki-stali-xcarb\/","title":{"rendered":"SN\u00cd\u017dEN\u00cd UHL\u00cdKOV\u00c9 STOPY POMOC\u00cd OCELI XCARB\u00ae"},"content":{"rendered":"\n<div class=\"wp-block-group is-style-default\"><div class=\"wp-block-group__inner-container is-layout-flow wp-block-group-is-layout-flow\">\n<div class=\"wp-block-columns are-vertically-aligned-top is-style-default is-layout-flex wp-container-core-columns-is-layout-9d6595d7 wp-block-columns-is-layout-flex\">\n<div class=\"wp-block-column is-vertically-aligned-top is-style-default is-layout-flow wp-block-column-is-layout-flow\" style=\"flex-basis:135rem\">\n<h2 class=\"wp-block-heading\" style=\"font-size:2.8rem\"><span class=\"ez-toc-section\" id=\"Pouziti_materialu_s_nizkym_dopadem_na_zivotni_prostredi_snizuje_uhlikovou_stopu_o_62_v_projektu_souvisejicim_s_obnovitelnymi_zdroji_energie\"><\/span>Pou\u017eit\u00ed materi\u00e1l\u016f s n\u00edzk\u00fdm dopadem na \u017eivotn\u00ed prost\u0159ed\u00ed sni\u017euje uhl\u00edkovou stopu o 62 % v projektu souvisej\u00edc\u00edm s obnoviteln\u00fdmi zdroji energie.<span class=\"ez-toc-section-end\"><\/span><\/h2>\n\n\n\n<p>Od roku 2023 je spole\u010dnost ArcelorMittal ofici\u00e1ln\u00edm dodavatelem oceli XCarb\u00ae, kter\u00e1 se pou\u017e\u00edv\u00e1 k v\u00fdrob\u011b integrovan\u00e9 fotovoltaick\u00e9 st\u0159echy SOLROOF. Ocel XCarb\u00ae je spojena s glob\u00e1ln\u00edm inova\u010dn\u00edm programem spole\u010dnosti ArcelorMittal pro ocel, jeho\u017e c\u00edlem je dos\u00e1hnout do roku 2050 uhl\u00edkov\u011b neutr\u00e1ln\u00ed oceli. Iniciativy zahrnut\u00e9 v programu XCarb\u00ae jsou zam\u011b\u0159eny na sn\u00ed\u017een\u00ed uhl\u00edkov\u00e9 stopy.<\/p><div id=\"ez-toc-container\" class=\"ez-toc-v2_0_73 ez-toc-wrap-center counter-hierarchy ez-toc-counter ez-toc-transparent ez-toc-container-direction\">\n<div class=\"ez-toc-title-container\">\n<p class=\"ez-toc-title\" style=\"cursor:inherit\">Table of Contents<\/p>\n<span class=\"ez-toc-title-toggle\"><a href=\"#\" class=\"ez-toc-pull-right ez-toc-btn ez-toc-btn-xs ez-toc-btn-default ez-toc-toggle\" aria-label=\"Toggle Table of Content\"><span class=\"ez-toc-js-icon-con\"><span class=\"\"><span class=\"eztoc-hide\" style=\"display:none;\">Toggle<\/span><span class=\"ez-toc-icon-toggle-span\"><svg style=\"fill: #999;color:#999\" xmlns=\"http:\/\/www.w3.org\/2000\/svg\" class=\"list-377408\" width=\"20px\" height=\"20px\" viewBox=\"0 0 24 24\" fill=\"none\"><path d=\"M6 6H4v2h2V6zm14 0H8v2h12V6zM4 11h2v2H4v-2zm16 0H8v2h12v-2zM4 16h2v2H4v-2zm16 0H8v2h12v-2z\" fill=\"currentColor\"><\/path><\/svg><svg style=\"fill: #999;color:#999\" class=\"arrow-unsorted-368013\" xmlns=\"http:\/\/www.w3.org\/2000\/svg\" width=\"10px\" height=\"10px\" viewBox=\"0 0 24 24\" version=\"1.2\" baseProfile=\"tiny\"><path d=\"M18.2 9.3l-6.2-6.3-6.2 6.3c-.2.2-.3.4-.3.7s.1.5.3.7c.2.2.4.3.7.3h11c.3 0 .5-.1.7-.3.2-.2.3-.5.3-.7s-.1-.5-.3-.7zM5.8 14.7l6.2 6.3 6.2-6.3c.2-.2.3-.5.3-.7s-.1-.5-.3-.7c-.2-.2-.4-.3-.7-.3h-11c-.3 0-.5.1-.7.3-.2.2-.3.5-.3.7s.1.5.3.7z\"\/><\/svg><\/span><\/span><\/span><\/a><\/span><\/div>\n<nav><ul class='ez-toc-list ez-toc-list-level-1 ' ><li class='ez-toc-page-1 ez-toc-heading-level-2'><a class=\"ez-toc-link ez-toc-heading-1\" href=\"https:\/\/bp2.yoho.pl\/cs\/redukcja-sladu-weglowego-dzieki-stali-xcarb\/#Pouziti_materialu_s_nizkym_dopadem_na_zivotni_prostredi_snizuje_uhlikovou_stopu_o_62_v_projektu_souvisejicim_s_obnovitelnymi_zdroji_energie\" title=\"Pou\u017eit\u00ed materi\u00e1l\u016f s n\u00edzk\u00fdm dopadem na \u017eivotn\u00ed prost\u0159ed\u00ed sni\u017euje uhl\u00edkovou stopu o 62 % v projektu souvisej\u00edc\u00edm s obnoviteln\u00fdmi zdroji energie.\">Pou\u017eit\u00ed materi\u00e1l\u016f s n\u00edzk\u00fdm dopadem na \u017eivotn\u00ed prost\u0159ed\u00ed sni\u017euje uhl\u00edkovou stopu o 62 % v projektu souvisej\u00edc\u00edm s obnoviteln\u00fdmi zdroji energie.<\/a><\/li><li class='ez-toc-page-1 ez-toc-heading-level-2'><a class=\"ez-toc-link ez-toc-heading-2\" href=\"https:\/\/bp2.yoho.pl\/cs\/redukcja-sladu-weglowego-dzieki-stali-xcarb\/#150_m%C2%B2\" title=\"150 m\u00b2\">150 m\u00b2<\/a><\/li><li class='ez-toc-page-1 ez-toc-heading-level-2'><a class=\"ez-toc-link ez-toc-heading-3\" href=\"https:\/\/bp2.yoho.pl\/cs\/redukcja-sladu-weglowego-dzieki-stali-xcarb\/#1879_kg_CO2eqm2\" title=\"1879 kg CO2eq.\/m2\">1879 kg CO2eq.\/m2<\/a><\/li><li class='ez-toc-page-1 ez-toc-heading-level-2'><a class=\"ez-toc-link ez-toc-heading-4\" href=\"https:\/\/bp2.yoho.pl\/cs\/redukcja-sladu-weglowego-dzieki-stali-xcarb\/#7125_kg_CO2eqm2\" title=\"712,5 kg  CO2eq.\/m2\">712,5 kg  CO2eq.\/m2<\/a><\/li><li class='ez-toc-page-1 ez-toc-heading-level-2'><a class=\"ez-toc-link ez-toc-heading-5\" href=\"https:\/\/bp2.yoho.pl\/cs\/redukcja-sladu-weglowego-dzieki-stali-xcarb\/#Strecha_cca_150_m2_vyrobena_z_nizkoemisni_oceli_XCarb%C2%AE_v_systemu_SOLROOF_produkuje_o_12_tuny_CO2ekvm2_mene_coz_predstavuje_snizeni_o_62\" title=\"St\u0159echa (cca 150 m2 ) vyroben\u00e1 z n\u00edzkoemisn\u00ed oceli XCarb\u00ae v syst\u00e9mu SOLROOF produkuje o 1,2 tuny CO2ekv.\/m2 m\u00e9n\u011b, co\u017e p\u0159edstavuje sn\u00ed\u017een\u00ed o 62 %!\">St\u0159echa (cca 150 m2 ) vyroben\u00e1 z n\u00edzkoemisn\u00ed oceli XCarb\u00ae v syst\u00e9mu SOLROOF produkuje o 1,2 tuny CO2ekv.\/m2 m\u00e9n\u011b, co\u017e p\u0159edstavuje sn\u00ed\u017een\u00ed o 62 %!<\/a><\/li><\/ul><\/nav><\/div>\n\n\n\n\n<div class=\"wp-block-cover is-light\" style=\"min-height:573px;aspect-ratio:unset;\"><span aria-hidden=\"true\" class=\"wp-block-cover__background has-background-dim-0 has-background-dim\"><\/span><img fetchpriority=\"high\" decoding=\"async\" width=\"1513\" height=\"637\" class=\"wp-block-cover__image-background wp-image-76835\" alt=\"\" src=\"https:\/\/bp2.yoho.pl\/wp-content\/uploads\/2024\/02\/Zrzut-ekranu-2024-02-28-131334.png\" data-object-fit=\"cover\" srcset=\"https:\/\/bp2.yoho.pl\/wp-content\/uploads\/2024\/02\/Zrzut-ekranu-2024-02-28-131334.png 1513w, https:\/\/bp2.yoho.pl\/wp-content\/uploads\/2024\/02\/Zrzut-ekranu-2024-02-28-131334-820x345.png 820w, https:\/\/bp2.yoho.pl\/wp-content\/uploads\/2024\/02\/Zrzut-ekranu-2024-02-28-131334-1024x431.png 1024w, https:\/\/bp2.yoho.pl\/wp-content\/uploads\/2024\/02\/Zrzut-ekranu-2024-02-28-131334-768x323.png 768w\" sizes=\"(max-width: 1513px) 100vw, 1513px\" \/><div class=\"wp-block-cover__inner-container is-layout-constrained wp-block-cover-is-layout-constrained\">\n<div class=\"wp-block-columns is-layout-flex wp-container-core-columns-is-layout-9d6595d7 wp-block-columns-is-layout-flex\">\n<div class=\"wp-block-column is-vertically-aligned-bottom is-layout-flow wp-block-column-is-layout-flow\">\n<div style=\"height:100px\" aria-hidden=\"true\" class=\"wp-block-spacer is-style-small-spacer\"><\/div>\n<\/div>\n\n\n\n<div class=\"wp-block-column is-layout-flow wp-block-column-is-layout-flow\" style=\"flex-basis:10%\"><\/div>\n\n\n\n<div class=\"wp-block-column is-layout-flow wp-block-column-is-layout-flow\"><\/div>\n<\/div>\n\n\n\n<div style=\"height:100px\" aria-hidden=\"true\" class=\"wp-block-spacer is-style-small-spacer\"><\/div>\n<\/div><\/div>\n\n\n\n<p>Ocel XCarb\u00ae se vyr\u00e1b\u00ed z recyklovan\u00fdch materi\u00e1l\u016f pouze za pou\u017eit\u00ed obnoviteln\u00e9 elektrick\u00e9 energie v elektrick\u00e9 obloukov\u00e9 peci, d\u00edky \u010demu\u017e ocel XCarb\u00ae vynik\u00e1 pozoruhodn\u011b n\u00edzk\u00fdmi emisemi CO2.<\/p>\n\n\n\n<div class=\"wp-block-cover is-light is-style-default\"><span aria-hidden=\"true\" class=\"wp-block-cover__background has-dark-gray-background-color has-background-dim-100 has-background-dim\"><\/span><div class=\"wp-block-cover__inner-container is-layout-constrained wp-block-cover-is-layout-constrained\">\n<div style=\"height:82px\" aria-hidden=\"true\" class=\"wp-block-spacer is-style-smaller-spacer\"><\/div>\n\n\n\n<div class=\"wp-block-columns is-layout-flex wp-container-core-columns-is-layout-9d6595d7 wp-block-columns-is-layout-flex\">\n<div class=\"wp-block-column is-layout-flow wp-block-column-is-layout-flow\"><div class=\"wp-block-image\">\n<figure class=\"aligncenter size-full\"><img decoding=\"async\" src=\"https:\/\/solroof.eu\/wp-content\/uploads\/2024\/01\/cala-powierzchnia-icon.webp\" alt=\"\" class=\"wp-image-23145\"\/><\/figure><\/div>\n\n\n<p class=\"has-text-align-center\">Pr\u016fm\u011brn\u00e1 plocha st\u0159echy:<\/p>\n\n\n\n<h2 class=\"wp-block-heading has-text-align-center\"><span class=\"ez-toc-section\" id=\"150_m%C2%B2\"><\/span>150 m\u00b2<span class=\"ez-toc-section-end\"><\/span><\/h2>\n<\/div>\n\n\n\n<div class=\"wp-block-column is-layout-flow wp-block-column-is-layout-flow\"><div class=\"wp-block-image\">\n<figure class=\"aligncenter size-full is-resized\"><img decoding=\"async\" src=\"https:\/\/solroof.eu\/wp-content\/uploads\/2024\/01\/slad-weglowy-icon.webp\" alt=\"\" class=\"wp-image-23159\" style=\"width:209px;height:auto\"\/><\/figure><\/div>\n\n\n<p class=\"has-text-align-center\">Uhl\u00edkov\u00e1 stopa p\u0159i v\u00fdrob\u011b klasick\u00e9<br>plech\u016f s organick\u00fdm povlakem:<\/p>\n\n\n\n<h2 class=\"wp-block-heading has-text-align-center\"><span class=\"ez-toc-section\" id=\"1879_kg_CO2eqm2\"><\/span>1879 kg<br>CO2eq.\/m2<span class=\"ez-toc-section-end\"><\/span><\/h2>\n<\/div>\n\n\n\n<div class=\"wp-block-column is-layout-flow wp-block-column-is-layout-flow\"><div class=\"wp-block-image\">\n<figure class=\"aligncenter size-full is-resized\"><img decoding=\"async\" src=\"https:\/\/solroof.eu\/wp-content\/uploads\/2024\/01\/xcarb-icon.webp\" alt=\"\" class=\"wp-image-23173\" style=\"width:204px;height:auto\"\/><\/figure><\/div>\n\n\n<p class=\"has-text-align-center\">Uhl\u00edkov\u00e1 stopa p\u0159i pou\u017eit\u00ed<br>p\u0159i pou\u017eit\u00ed oceli XCarb\u00ae s n\u00edzk\u00fdmi emisemi<\/p>\n\n\n\n<h2 class=\"wp-block-heading has-text-align-center\"><span class=\"ez-toc-section\" id=\"7125_kg_CO2eqm2\"><\/span>712,5 kg <br>CO2eq.\/m2<span class=\"ez-toc-section-end\"><\/span><\/h2>\n<\/div>\n<\/div>\n<\/div><\/div>\n\n\n\n<div style=\"height:45px\" aria-hidden=\"true\" class=\"wp-block-spacer is-style-smaller-spacer\"><\/div>\n\n\n\n<p>Takto vypad\u00e1 srovn\u00e1n\u00ed \u00farovn\u011b uhl\u00edkov\u00e9 stopy st\u0159ech vyroben\u00fdch ze standardn\u00ed oceli a st\u0159ech vyroben\u00fdch z n\u00edzkouhl\u00edkov\u00e9 oceli.<\/p>\n\n\n\n<h2 class=\"wp-block-heading is-style-h3\"><span class=\"ez-toc-section\" id=\"Strecha_cca_150_m2_vyrobena_z_nizkoemisni_oceli_XCarb%C2%AE_v_systemu_SOLROOF_produkuje_o_12_tuny_CO2ekvm2_mene_coz_predstavuje_snizeni_o_62\"><\/span>St\u0159echa (cca 150 m2 ) vyroben\u00e1 z n\u00edzkoemisn\u00ed oceli XCarb\u00ae v syst\u00e9mu SOLROOF produkuje o 1,2 tuny CO2ekv.\/m2 m\u00e9n\u011b, co\u017e p\u0159edstavuje sn\u00ed\u017een\u00ed o 62 %!<span class=\"ez-toc-section-end\"><\/span><\/h2>\n\n\n\n<div style=\"height:66px\" aria-hidden=\"true\" class=\"wp-block-spacer\"><\/div>\n\n\n\n<div class=\"wp-block-columns is-layout-flex wp-container-core-columns-is-layout-9d6595d7 wp-block-columns-is-layout-flex\">\n<div class=\"wp-block-column is-layout-flow wp-block-column-is-layout-flow\" style=\"flex-basis:30%\"><\/div>\n\n\n\n<div class=\"wp-block-column is-vertically-aligned-center is-layout-flow wp-block-column-is-layout-flow\" style=\"flex-basis:60%\">\n<a href=\"https:\/\/solroof.eu\/kontakt\/\"  class=\"button button--solroof \">KONTAKT<\/a>\n\n\n<a href=\"https:\/\/solroof.eu\/kalkulator\/\"  class=\"button button--solroof \">PO\u017d\u00c1DEJTE O NAB\u00cdDKU<\/a><\/div>\n\n\n\n<div class=\"wp-block-column is-layout-flow wp-block-column-is-layout-flow\" style=\"flex-basis:10%\"><\/div>\n<\/div>\n<\/div>\n<\/div>\n<\/div><\/div>\n","protected":false},"excerpt":{"rendered":"<p>Od 2023 ArcelorMittal jest oficjalnym dostawc\u0105 stali XCarb\u00ae u\u017cywanej do produkcji zintegrowanego dachu fotowoltaicznego SOLROOF. Stal XCarb\u00ae zwi\u0105zana jest z globalnym programem innowacji w zakresie produkcji stali od ArcelorMittal, kt\u00f3rego celem jest uzyskanie neutralnej w\u0119glowo stali do roku 2050. Inicjatywy wchodz\u0105ce w sk\u0142ad XCarb\u00ae maj\u0105 na celu ograniczenie \u015bladu w\u0119glowego.<\/p>\n","protected":false},"author":9,"featured_media":75295,"comment_status":"closed","ping_status":"closed","sticky":false,"template":"","format":"standard","meta":{"_acf_changed":false,"content-type":"","footnotes":""},"categories":[1749,1475],"tags":[1824,1796],"class_list":["post-75274","post","type-post","status-publish","format-standard","has-post-thumbnail","hentry","category-solroof-cs","category-bp2-cs","tag-solroof-cs","tag-bp2-cs"],"acf":[],"_links":{"self":[{"href":"https:\/\/bp2.yoho.pl\/cs\/wp-json\/wp\/v2\/posts\/75274","targetHints":{"allow":["GET"]}}],"collection":[{"href":"https:\/\/bp2.yoho.pl\/cs\/wp-json\/wp\/v2\/posts"}],"about":[{"href":"https:\/\/bp2.yoho.pl\/cs\/wp-json\/wp\/v2\/types\/post"}],"author":[{"embeddable":true,"href":"https:\/\/bp2.yoho.pl\/cs\/wp-json\/wp\/v2\/users\/9"}],"replies":[{"embeddable":true,"href":"https:\/\/bp2.yoho.pl\/cs\/wp-json\/wp\/v2\/comments?post=75274"}],"version-history":[{"count":0,"href":"https:\/\/bp2.yoho.pl\/cs\/wp-json\/wp\/v2\/posts\/75274\/revisions"}],"wp:featuredmedia":[{"embeddable":true,"href":"https:\/\/bp2.yoho.pl\/cs\/wp-json\/wp\/v2\/media\/75295"}],"wp:attachment":[{"href":"https:\/\/bp2.yoho.pl\/cs\/wp-json\/wp\/v2\/media?parent=75274"}],"wp:term":[{"taxonomy":"category","embeddable":true,"href":"https:\/\/bp2.yoho.pl\/cs\/wp-json\/wp\/v2\/categories?post=75274"},{"taxonomy":"post_tag","embeddable":true,"href":"https:\/\/bp2.yoho.pl\/cs\/wp-json\/wp\/v2\/tags?post=75274"}],"curies":[{"name":"wp","href":"https:\/\/api.w.org\/{rel}","templated":true}]}}