{"id":75289,"date":"2024-01-29T08:50:22","date_gmt":"2024-01-29T07:50:22","guid":{"rendered":"https:\/\/bp2.yoho.pl\/redukcja-sladu-weglowego-dzieki-stali-xcarb\/"},"modified":"2024-02-28T13:21:30","modified_gmt":"2024-02-28T12:21:30","slug":"a-szenlabnyom-csokkentese-az-xcarb-acellal","status":"publish","type":"post","link":"https:\/\/bp2.yoho.pl\/hu\/a-szenlabnyom-csokkentese-az-xcarb-acellal\/","title":{"rendered":"A SZ\u00c9NL\u00c1BNYOM CS\u00d6KKENT\u00c9SE AZ XCARB\u00ae AC\u00c9LLAL"},"content":{"rendered":"\n<div class=\"wp-block-group is-style-default\"><div class=\"wp-block-group__inner-container is-layout-flow wp-block-group-is-layout-flow\">\n<div class=\"wp-block-columns are-vertically-aligned-top is-style-default is-layout-flex wp-container-core-columns-is-layout-9d6595d7 wp-block-columns-is-layout-flex\">\n<div class=\"wp-block-column is-vertically-aligned-top is-style-default is-layout-flow wp-block-column-is-layout-flow\" style=\"flex-basis:135rem\">\n<h2 class=\"wp-block-heading\" style=\"font-size:2.8rem\"><span class=\"ez-toc-section\" id=\"Az_alacsony_hatasu_anyagok_hasznalata_62-kal_csokkenti_a_szenlabnyomot_egy_megujulo_energiaforrasokkal_kapcsolatos_projektben\"><\/span>Az alacsony hat\u00e1s\u00fa anyagok haszn\u00e1lata 62%-kal cs\u00f6kkenti a sz\u00e9nl\u00e1bnyomot egy meg\u00fajul\u00f3 energiaforr\u00e1sokkal kapcsolatos projektben.<br><span class=\"ez-toc-section-end\"><\/span><\/h2>\n\n\n\n<p>2023 \u00f3ta az ArcelorMittal a SOLROOF integr\u00e1lt fotovoltaikus tet\u0151 gy\u00e1rt\u00e1s\u00e1hoz haszn\u00e1lt XCarb\u00ae ac\u00e9l hivatalos besz\u00e1ll\u00edt\u00f3ja. Az XCarb\u00ae ac\u00e9l kapcsol\u00f3dik az ArcelorMittal glob\u00e1lis ac\u00e9l innov\u00e1ci\u00f3s programj\u00e1hoz, amelynek c\u00e9lja, hogy 2050-re sz\u00e9n-dioxid-semleges ac\u00e9lt \u00e9rjen el. Az XCarb\u00ae-ban foglalt kezdem\u00e9nyez\u00e9sek c\u00e9lja a sz\u00e9nl\u00e1bnyom cs\u00f6kkent\u00e9se.<\/p><div id=\"ez-toc-container\" class=\"ez-toc-v2_0_73 ez-toc-wrap-center counter-hierarchy ez-toc-counter ez-toc-transparent ez-toc-container-direction\">\n<div class=\"ez-toc-title-container\">\n<p class=\"ez-toc-title\" style=\"cursor:inherit\">Table of Contents<\/p>\n<span class=\"ez-toc-title-toggle\"><a href=\"#\" class=\"ez-toc-pull-right ez-toc-btn ez-toc-btn-xs ez-toc-btn-default ez-toc-toggle\" aria-label=\"Toggle Table of Content\"><span class=\"ez-toc-js-icon-con\"><span class=\"\"><span class=\"eztoc-hide\" style=\"display:none;\">Toggle<\/span><span class=\"ez-toc-icon-toggle-span\"><svg style=\"fill: #999;color:#999\" xmlns=\"http:\/\/www.w3.org\/2000\/svg\" class=\"list-377408\" width=\"20px\" height=\"20px\" viewBox=\"0 0 24 24\" fill=\"none\"><path d=\"M6 6H4v2h2V6zm14 0H8v2h12V6zM4 11h2v2H4v-2zm16 0H8v2h12v-2zM4 16h2v2H4v-2zm16 0H8v2h12v-2z\" fill=\"currentColor\"><\/path><\/svg><svg style=\"fill: #999;color:#999\" class=\"arrow-unsorted-368013\" xmlns=\"http:\/\/www.w3.org\/2000\/svg\" width=\"10px\" height=\"10px\" viewBox=\"0 0 24 24\" version=\"1.2\" baseProfile=\"tiny\"><path d=\"M18.2 9.3l-6.2-6.3-6.2 6.3c-.2.2-.3.4-.3.7s.1.5.3.7c.2.2.4.3.7.3h11c.3 0 .5-.1.7-.3.2-.2.3-.5.3-.7s-.1-.5-.3-.7zM5.8 14.7l6.2 6.3 6.2-6.3c.2-.2.3-.5.3-.7s-.1-.5-.3-.7c-.2-.2-.4-.3-.7-.3h-11c-.3 0-.5.1-.7.3-.2.2-.3.5-.3.7s.1.5.3.7z\"\/><\/svg><\/span><\/span><\/span><\/a><\/span><\/div>\n<nav><ul class='ez-toc-list ez-toc-list-level-1 ' ><li class='ez-toc-page-1 ez-toc-heading-level-2'><a class=\"ez-toc-link ez-toc-heading-1\" href=\"https:\/\/bp2.yoho.pl\/hu\/a-szenlabnyom-csokkentese-az-xcarb-acellal\/#Az_alacsony_hatasu_anyagok_hasznalata_62-kal_csokkenti_a_szenlabnyomot_egy_megujulo_energiaforrasokkal_kapcsolatos_projektben\" title=\"Az alacsony hat\u00e1s\u00fa anyagok haszn\u00e1lata 62%-kal cs\u00f6kkenti a sz\u00e9nl\u00e1bnyomot egy meg\u00fajul\u00f3 energiaforr\u00e1sokkal kapcsolatos projektben.\">Az alacsony hat\u00e1s\u00fa anyagok haszn\u00e1lata 62%-kal cs\u00f6kkenti a sz\u00e9nl\u00e1bnyomot egy meg\u00fajul\u00f3 energiaforr\u00e1sokkal kapcsolatos projektben.<\/a><\/li><li class='ez-toc-page-1 ez-toc-heading-level-2'><a class=\"ez-toc-link ez-toc-heading-2\" href=\"https:\/\/bp2.yoho.pl\/hu\/a-szenlabnyom-csokkentese-az-xcarb-acellal\/#150_m%C2%B2\" title=\"150 m\u00b2\">150 m\u00b2<\/a><\/li><li class='ez-toc-page-1 ez-toc-heading-level-2'><a class=\"ez-toc-link ez-toc-heading-3\" href=\"https:\/\/bp2.yoho.pl\/hu\/a-szenlabnyom-csokkentese-az-xcarb-acellal\/#1879_kg_CO2eqm2\" title=\"1879 kg CO2eq.\/m2\">1879 kg CO2eq.\/m2<\/a><\/li><li class='ez-toc-page-1 ez-toc-heading-level-2'><a class=\"ez-toc-link ez-toc-heading-4\" href=\"https:\/\/bp2.yoho.pl\/hu\/a-szenlabnyom-csokkentese-az-xcarb-acellal\/#7125_kg_CO2eqm2\" title=\"712,5 kg  CO2eq.\/m2\">712,5 kg  CO2eq.\/m2<\/a><\/li><li class='ez-toc-page-1 ez-toc-heading-level-2'><a class=\"ez-toc-link ez-toc-heading-5\" href=\"https:\/\/bp2.yoho.pl\/hu\/a-szenlabnyom-csokkentese-az-xcarb-acellal\/#A_SOLROOF_rendszerben_az_XCarb%C2%AE_alacsony_kibocsatasu_acelbol_keszult_teto_kb_150_m2_12_tonna_CO2-egyenertekkel_kevesebbet_termel_ami_62_-os_csokkenest_jelent\" title=\"A SOLROOF rendszerben az XCarb\u00ae alacsony kibocs\u00e1t\u00e1s\u00fa ac\u00e9lb\u00f3l k\u00e9sz\u00fclt tet\u0151 (kb. 150 m2 ) 1,2 tonna CO2-egyen\u00e9rt\u00e9kkel kevesebbet termel, ami 62% -os cs\u00f6kken\u00e9st jelent!\">A SOLROOF rendszerben az XCarb\u00ae alacsony kibocs\u00e1t\u00e1s\u00fa ac\u00e9lb\u00f3l k\u00e9sz\u00fclt tet\u0151 (kb. 150 m2 ) 1,2 tonna CO2-egyen\u00e9rt\u00e9kkel kevesebbet termel, ami 62% -os cs\u00f6kken\u00e9st jelent!<\/a><\/li><li class='ez-toc-page-1 ez-toc-heading-level-2'><a class=\"ez-toc-link ez-toc-heading-6\" href=\"https:\/\/bp2.yoho.pl\/hu\/a-szenlabnyom-csokkentese-az-xcarb-acellal\/#i\" title=\"&nbsp;\">&nbsp;<\/a><\/li><\/ul><\/nav><\/div>\n\n\n\n\n<div class=\"wp-block-cover is-light\" style=\"min-height:573px;aspect-ratio:unset;\"><span aria-hidden=\"true\" class=\"wp-block-cover__background has-background-dim-0 has-background-dim\"><\/span><img fetchpriority=\"high\" decoding=\"async\" width=\"1513\" height=\"637\" class=\"wp-block-cover__image-background wp-image-76838\" alt=\"\" src=\"https:\/\/bp2.yoho.pl\/wp-content\/uploads\/2024\/02\/Zrzut-ekranu-2024-02-28-131334.png\" data-object-fit=\"cover\" srcset=\"https:\/\/bp2.yoho.pl\/wp-content\/uploads\/2024\/02\/Zrzut-ekranu-2024-02-28-131334.png 1513w, https:\/\/bp2.yoho.pl\/wp-content\/uploads\/2024\/02\/Zrzut-ekranu-2024-02-28-131334-820x345.png 820w, https:\/\/bp2.yoho.pl\/wp-content\/uploads\/2024\/02\/Zrzut-ekranu-2024-02-28-131334-1024x431.png 1024w, https:\/\/bp2.yoho.pl\/wp-content\/uploads\/2024\/02\/Zrzut-ekranu-2024-02-28-131334-768x323.png 768w\" sizes=\"(max-width: 1513px) 100vw, 1513px\" \/><div class=\"wp-block-cover__inner-container is-layout-constrained wp-block-cover-is-layout-constrained\">\n<div class=\"wp-block-columns is-layout-flex wp-container-core-columns-is-layout-9d6595d7 wp-block-columns-is-layout-flex\">\n<div class=\"wp-block-column is-vertically-aligned-bottom is-layout-flow wp-block-column-is-layout-flow\">\n<div style=\"height:100px\" aria-hidden=\"true\" class=\"wp-block-spacer is-style-small-spacer\"><\/div>\n<\/div>\n\n\n\n<div class=\"wp-block-column is-layout-flow wp-block-column-is-layout-flow\" style=\"flex-basis:10%\"><\/div>\n\n\n\n<div class=\"wp-block-column is-layout-flow wp-block-column-is-layout-flow\"><\/div>\n<\/div>\n\n\n\n<div style=\"height:100px\" aria-hidden=\"true\" class=\"wp-block-spacer is-style-small-spacer\"><\/div>\n<\/div><\/div>\n\n\n\n<p>Az XCarb\u00ae ac\u00e9lt \u00fajrahasznos\u00edtott anyagokb\u00f3l, kiz\u00e1r\u00f3lag meg\u00fajul\u00f3 villamos energia felhaszn\u00e1l\u00e1s\u00e1val, elektromos \u00edvkemenc\u00e9ben \u00e1ll\u00edtj\u00e1k el\u0151, \u00edgy az XCarb\u00ae ac\u00e9l kiemelkedik a figyelemre m\u00e9lt\u00f3an alacsony CO2-kibocs\u00e1t\u00e1s\u00e1val.<\/p>\n\n\n\n<div class=\"wp-block-cover is-light is-style-default\"><span aria-hidden=\"true\" class=\"wp-block-cover__background has-dark-gray-background-color has-background-dim-100 has-background-dim\"><\/span><div class=\"wp-block-cover__inner-container is-layout-constrained wp-block-cover-is-layout-constrained\">\n<div style=\"height:82px\" aria-hidden=\"true\" class=\"wp-block-spacer is-style-smaller-spacer\"><\/div>\n\n\n\n<div class=\"wp-block-columns is-layout-flex wp-container-core-columns-is-layout-9d6595d7 wp-block-columns-is-layout-flex\">\n<div class=\"wp-block-column is-layout-flow wp-block-column-is-layout-flow\"><div class=\"wp-block-image\">\n<figure class=\"aligncenter size-full\"><img decoding=\"async\" src=\"https:\/\/solroof.eu\/wp-content\/uploads\/2024\/01\/cala-powierzchnia-icon.webp\" alt=\"\" class=\"wp-image-23145\"\/><\/figure><\/div>\n\n\n<p class=\"has-text-align-center\">\u00c1tlagos tet\u0151fel\u00fclet:<\/p>\n\n\n\n<h2 class=\"wp-block-heading has-text-align-center\"><span class=\"ez-toc-section\" id=\"150_m%C2%B2\"><\/span>150 m\u00b2<span class=\"ez-toc-section-end\"><\/span><\/h2>\n<\/div>\n\n\n\n<div class=\"wp-block-column is-layout-flow wp-block-column-is-layout-flow\"><div class=\"wp-block-image\">\n<figure class=\"aligncenter size-full is-resized\"><img decoding=\"async\" src=\"https:\/\/solroof.eu\/wp-content\/uploads\/2024\/01\/slad-weglowy-icon.webp\" alt=\"\" class=\"wp-image-23159\" style=\"width:209px;height:auto\"\/><\/figure><\/div>\n\n\n<p class=\"has-text-align-center\">Klasszikus sz\u00e9nl\u00e1bnyom a gy\u00e1rt\u00e1s sor\u00e1n<br>szerves bevonat\u00fa lemezek gy\u00e1rt\u00e1sa:<\/p>\n\n\n\n<h2 class=\"wp-block-heading has-text-align-center\"><span class=\"ez-toc-section\" id=\"1879_kg_CO2eqm2\"><\/span>1879 kg<br>CO2eq.\/m2<span class=\"ez-toc-section-end\"><\/span><\/h2>\n<\/div>\n\n\n\n<div class=\"wp-block-column is-layout-flow wp-block-column-is-layout-flow\"><div class=\"wp-block-image\">\n<figure class=\"aligncenter size-full is-resized\"><img decoding=\"async\" src=\"https:\/\/solroof.eu\/wp-content\/uploads\/2024\/01\/xcarb-icon.webp\" alt=\"\" class=\"wp-image-23173\" style=\"width:204px;height:auto\"\/><\/figure><\/div>\n\n\n<p class=\"has-text-align-center\">Sz\u00e9n-dioxid-l\u00e1bnyom<br>XCarb\u00ae alacsony kibocs\u00e1t\u00e1s\u00fa ac\u00e9l haszn\u00e1lat\u00e1val<\/p>\n\n\n\n<h2 class=\"wp-block-heading has-text-align-center\"><span class=\"ez-toc-section\" id=\"7125_kg_CO2eqm2\"><\/span>712,5 kg <br>CO2eq.\/m2<span class=\"ez-toc-section-end\"><\/span><\/h2>\n<\/div>\n<\/div>\n<\/div><\/div>\n\n\n\n<div style=\"height:45px\" aria-hidden=\"true\" class=\"wp-block-spacer is-style-smaller-spacer\"><\/div>\n\n\n\n<p>\u00cdgy viszonyulnak a hagyom\u00e1nyos ac\u00e9lb\u00f3l k\u00e9sz\u00fclt tet\u0151k sz\u00e9nl\u00e1bnyom-szintjei az alacsony sz\u00e9n-dioxid-kibocs\u00e1t\u00e1s\u00fa ac\u00e9lb\u00f3l k\u00e9sz\u00fcltekhez.<\/p>\n\n\n\n<h2 class=\"wp-block-heading is-style-h3\"><span class=\"ez-toc-section\" id=\"A_SOLROOF_rendszerben_az_XCarb%C2%AE_alacsony_kibocsatasu_acelbol_keszult_teto_kb_150_m2_12_tonna_CO2-egyenertekkel_kevesebbet_termel_ami_62_-os_csokkenest_jelent\"><\/span>A SOLROOF rendszerben az XCarb\u00ae alacsony kibocs\u00e1t\u00e1s\u00fa ac\u00e9lb\u00f3l k\u00e9sz\u00fclt tet\u0151 (kb. 150 m2 ) 1,2 tonna CO2-egyen\u00e9rt\u00e9kkel kevesebbet termel, ami 62% -os cs\u00f6kken\u00e9st jelent!<span class=\"ez-toc-section-end\"><\/span><\/h2>\n\n\n\n<div style=\"height:66px\" aria-hidden=\"true\" class=\"wp-block-spacer\"><\/div>\n\n\n\n<div class=\"wp-block-columns is-layout-flex wp-container-core-columns-is-layout-9d6595d7 wp-block-columns-is-layout-flex\">\n<div class=\"wp-block-column is-layout-flow wp-block-column-is-layout-flow\" style=\"flex-basis:30%\"><\/div>\n\n\n\n<div class=\"wp-block-column is-vertically-aligned-center is-layout-flow wp-block-column-is-layout-flow\" style=\"flex-basis:60%\">\n<a href=\"https:\/\/solroof.eu\/kontakt\/\"  class=\"button button--solroof \"> KAPCSOLAT<\/a>\n\n\n<a href=\"https:\/\/solroof.eu\/kalkulator\/\"  class=\"button button--solroof \">K\u00c9RJEN AJ\u00c1NLATOT<\/a><\/div>\n\n\n\n<div class=\"wp-block-column is-layout-flow wp-block-column-is-layout-flow\" style=\"flex-basis:10%\"><\/div>\n<\/div>\n<\/div>\n<\/div>\n\n\n\n<div class=\"wp-block-group\"><div class=\"wp-block-group__inner-container is-layout-constrained wp-block-group-is-layout-constrained\">\n<h2 class=\"wp-block-heading\"><span class=\"ez-toc-section\" id=\"i\"><\/span>&nbsp;<span class=\"ez-toc-section-end\"><\/span><\/h2>\n\n\n\n<p><\/p>\n<\/div><\/div>\n<\/div><\/div>\n","protected":false},"excerpt":{"rendered":"<p>Az alacsony hat\u00e1s\u00fa anyagok haszn\u00e1lata 62%-kal cs\u00f6kkenti a sz\u00e9nl\u00e1bnyomot egy meg\u00fajul\u00f3 energiaforr\u00e1sokkal kapcsolatos projektben.<\/p>\n","protected":false},"author":9,"featured_media":75298,"comment_status":"closed","ping_status":"closed","sticky":false,"template":"","format":"standard","meta":{"_acf_changed":false,"content-type":"","footnotes":""},"categories":[1753,1589],"tags":[1825,1804],"class_list":["post-75289","post","type-post","status-publish","format-standard","has-post-thumbnail","hentry","category-solroof-hu","category-bp2-hu","tag-solroof-hu","tag-bp2-hu"],"acf":[],"_links":{"self":[{"href":"https:\/\/bp2.yoho.pl\/hu\/wp-json\/wp\/v2\/posts\/75289","targetHints":{"allow":["GET"]}}],"collection":[{"href":"https:\/\/bp2.yoho.pl\/hu\/wp-json\/wp\/v2\/posts"}],"about":[{"href":"https:\/\/bp2.yoho.pl\/hu\/wp-json\/wp\/v2\/types\/post"}],"author":[{"embeddable":true,"href":"https:\/\/bp2.yoho.pl\/hu\/wp-json\/wp\/v2\/users\/9"}],"replies":[{"embeddable":true,"href":"https:\/\/bp2.yoho.pl\/hu\/wp-json\/wp\/v2\/comments?post=75289"}],"version-history":[{"count":0,"href":"https:\/\/bp2.yoho.pl\/hu\/wp-json\/wp\/v2\/posts\/75289\/revisions"}],"wp:featuredmedia":[{"embeddable":true,"href":"https:\/\/bp2.yoho.pl\/hu\/wp-json\/wp\/v2\/media\/75298"}],"wp:attachment":[{"href":"https:\/\/bp2.yoho.pl\/hu\/wp-json\/wp\/v2\/media?parent=75289"}],"wp:term":[{"taxonomy":"category","embeddable":true,"href":"https:\/\/bp2.yoho.pl\/hu\/wp-json\/wp\/v2\/categories?post=75289"},{"taxonomy":"post_tag","embeddable":true,"href":"https:\/\/bp2.yoho.pl\/hu\/wp-json\/wp\/v2\/tags?post=75289"}],"curies":[{"name":"wp","href":"https:\/\/api.w.org\/{rel}","templated":true}]}}